{"id":2400,"date":"2024-02-17T14:43:22","date_gmt":"2024-02-17T14:43:22","guid":{"rendered":"https:\/\/conventionszczecin.eu\/trafo-trafostacja-sztuki-w-szczecinie\/"},"modified":"2024-04-04T11:30:07","modified_gmt":"2024-04-04T11:30:07","slug":"trafo-trafostacja-sztuki-w-szczecinie","status":"publish","type":"post","link":"https:\/\/conventionszczecin.eu\/de\/trafo-trafostacja-sztuki-w-szczecinie\/","title":{"rendered":"TRAFO &#8211; Zentrum f\u00fcr zeitgen\u00f6ssische Kunst in Szczecin"},"content":{"rendered":"\n<p>TRAFO ist ein Zentrum f\u00fcr zeitgen\u00f6ssische Kunst im Stadtzentrum, das in einem historischen Transformatorenhaus untergebracht ist. Es verf\u00fcgt \u00fcber 4 Galerien mit 40 bis 220 Pl\u00e4tzen und einen Konferenzraum f\u00fcr 15 Personen mit einer Gesamtfl\u00e4che von 779 m\u00b2 sowie ein Caf\u00e9. Ein idealer Ort f\u00fcr prestigetr\u00e4chtige kommerzielle und kulturelle Veranstaltungen, darunter Galas, Konzerte und Vorf\u00fchrungen.<\/p>\n","protected":false},"excerpt":{"rendered":"<p>TRAFO ist ein Zentrum f\u00fcr zeitgen\u00f6ssische Kunst im Stadtzentrum, das in einem historischen Transformatorenhaus untergebracht ist. Es verf\u00fcgt \u00fcber 4 Galerien mit 40 bis 220 Pl\u00e4tzen und einen Konferenzraum f\u00fcr [&hellip;]<\/p>\n","protected":false},"author":1,"featured_media":2401,"comment_status":"closed","ping_status":"closed","sticky":false,"template":"","format":"standard","meta":{"_acf_changed":false,"inline_featured_image":false,"footnotes":""},"categories":[22],"tags":[],"class_list":["post-2400","post","type-post","status-publish","format-standard","has-post-thumbnail","hentry","category-obiekty-de"],"acf":[],"yoast_head":"<!-- This site is optimized with the Yoast SEO plugin v25.1 - https:\/\/yoast.com\/wordpress\/plugins\/seo\/ -->\n<title>TRAFO - Zentrum f\u00fcr zeitgen\u00f6ssische Kunst in Szczecin - Szczecin Convention Bureau<\/title>\n<meta name=\"robots\" content=\"index, follow, max-snippet:-1, max-image-preview:large, max-video-preview:-1\" \/>\n<link rel=\"canonical\" href=\"https:\/\/conventionszczecin.eu\/de\/trafo-trafostacja-sztuki-w-szczecinie\/\" \/>\n<meta property=\"og:locale\" content=\"de_DE\" \/>\n<meta property=\"og:type\" content=\"article\" \/>\n<meta property=\"og:title\" content=\"TRAFO - Zentrum f\u00fcr zeitgen\u00f6ssische Kunst in Szczecin - Szczecin Convention Bureau\" \/>\n<meta property=\"og:description\" content=\"TRAFO ist ein Zentrum f\u00fcr zeitgen\u00f6ssische Kunst im Stadtzentrum, das in einem historischen Transformatorenhaus untergebracht ist. Es verf\u00fcgt \u00fcber 4 Galerien mit 40 bis 220 Pl\u00e4tzen und einen Konferenzraum f\u00fcr [&hellip;]\" \/>\n<meta property=\"og:url\" content=\"https:\/\/conventionszczecin.eu\/de\/trafo-trafostacja-sztuki-w-szczecinie\/\" \/>\n<meta property=\"og:site_name\" content=\"Szczecin Convention Bureau\" \/>\n<meta property=\"article:published_time\" content=\"2024-02-17T14:43:22+00:00\" \/>\n<meta property=\"article:modified_time\" content=\"2024-04-04T11:30:07+00:00\" \/>\n<meta property=\"og:image\" content=\"https:\/\/conventionszczecin.eu\/wp-content\/uploads\/2024\/02\/12191909_633628713406976_4000764492328947196_n.jpg\" \/>\n\t<meta property=\"og:image:width\" content=\"960\" \/>\n\t<meta property=\"og:image:height\" content=\"640\" \/>\n\t<meta property=\"og:image:type\" content=\"image\/jpeg\" \/>\n<meta name=\"author\" content=\"admin\" \/>\n<meta name=\"twitter:card\" content=\"summary_large_image\" \/>\n<meta name=\"twitter:label1\" content=\"Verfasst von\" \/>\n\t<meta name=\"twitter:data1\" content=\"admin\" \/>\n\t<meta name=\"twitter:label2\" content=\"Gesch\u00e4tzte Lesezeit\" \/>\n\t<meta name=\"twitter:data2\" content=\"1\u00a0Minute\" \/>\n<script type=\"application\/ld+json\" class=\"yoast-schema-graph\">{\"@context\":\"https:\/\/schema.org\",\"@graph\":[{\"@type\":\"WebPage\",\"@id\":\"https:\/\/conventionszczecin.eu\/de\/trafo-trafostacja-sztuki-w-szczecinie\/\",\"url\":\"https:\/\/conventionszczecin.eu\/de\/trafo-trafostacja-sztuki-w-szczecinie\/\",\"name\":\"TRAFO - Zentrum f\u00fcr zeitgen\u00f6ssische Kunst in Szczecin - Szczecin Convention Bureau\",\"isPartOf\":{\"@id\":\"https:\/\/conventionszczecin.eu\/de\/#website\"},\"primaryImageOfPage\":{\"@id\":\"https:\/\/conventionszczecin.eu\/de\/trafo-trafostacja-sztuki-w-szczecinie\/#primaryimage\"},\"image\":{\"@id\":\"https:\/\/conventionszczecin.eu\/de\/trafo-trafostacja-sztuki-w-szczecinie\/#primaryimage\"},\"thumbnailUrl\":\"https:\/\/conventionszczecin.eu\/wp-content\/uploads\/2024\/02\/12191909_633628713406976_4000764492328947196_n.jpg\",\"datePublished\":\"2024-02-17T14:43:22+00:00\",\"dateModified\":\"2024-04-04T11:30:07+00:00\",\"author\":{\"@id\":\"https:\/\/conventionszczecin.eu\/de\/#\/schema\/person\/5c3be9e9451f5cf28b0019072c066886\"},\"breadcrumb\":{\"@id\":\"https:\/\/conventionszczecin.eu\/de\/trafo-trafostacja-sztuki-w-szczecinie\/#breadcrumb\"},\"inLanguage\":\"de\",\"potentialAction\":[{\"@type\":\"ReadAction\",\"target\":[\"https:\/\/conventionszczecin.eu\/de\/trafo-trafostacja-sztuki-w-szczecinie\/\"]}]},{\"@type\":\"ImageObject\",\"inLanguage\":\"de\",\"@id\":\"https:\/\/conventionszczecin.eu\/de\/trafo-trafostacja-sztuki-w-szczecinie\/#primaryimage\",\"url\":\"https:\/\/conventionszczecin.eu\/wp-content\/uploads\/2024\/02\/12191909_633628713406976_4000764492328947196_n.jpg\",\"contentUrl\":\"https:\/\/conventionszczecin.eu\/wp-content\/uploads\/2024\/02\/12191909_633628713406976_4000764492328947196_n.jpg\",\"width\":960,\"height\":640},{\"@type\":\"BreadcrumbList\",\"@id\":\"https:\/\/conventionszczecin.eu\/de\/trafo-trafostacja-sztuki-w-szczecinie\/#breadcrumb\",\"itemListElement\":[{\"@type\":\"ListItem\",\"position\":1,\"name\":\"Strona g\u0142\u00f3wna\",\"item\":\"https:\/\/conventionszczecin.eu\/de\/\"},{\"@type\":\"ListItem\",\"position\":2,\"name\":\"TRAFO &#8211; Zentrum f\u00fcr zeitgen\u00f6ssische Kunst in Szczecin\"}]},{\"@type\":\"WebSite\",\"@id\":\"https:\/\/conventionszczecin.eu\/de\/#website\",\"url\":\"https:\/\/conventionszczecin.eu\/de\/\",\"name\":\"Szczecin Convention Bureau\",\"description\":\"Stolica Pomorza Zachodniego od wiek\u00f3w jest wa\u017cnym o\u015brodkiem gospodarczym. Szczecin przyci\u0105ga bogat\u0105 ofert\u0105 turystyczn\u0105, lokalizacj\u0105 i rozbudowan\u0105 infrastruktur\u0105.\",\"potentialAction\":[{\"@type\":\"SearchAction\",\"target\":{\"@type\":\"EntryPoint\",\"urlTemplate\":\"https:\/\/conventionszczecin.eu\/de\/?s={search_term_string}\"},\"query-input\":{\"@type\":\"PropertyValueSpecification\",\"valueRequired\":true,\"valueName\":\"search_term_string\"}}],\"inLanguage\":\"de\"},{\"@type\":\"Person\",\"@id\":\"https:\/\/conventionszczecin.eu\/de\/#\/schema\/person\/5c3be9e9451f5cf28b0019072c066886\",\"name\":\"admin\",\"sameAs\":[\"https:\/\/conventionszczecin.eu\"],\"url\":\"https:\/\/conventionszczecin.eu\/de\/author\/admin\/\"}]}<\/script>\n<!-- \/ Yoast SEO plugin. -->","yoast_head_json":{"title":"TRAFO - Zentrum f\u00fcr zeitgen\u00f6ssische Kunst in Szczecin - Szczecin Convention Bureau","robots":{"index":"index","follow":"follow","max-snippet":"max-snippet:-1","max-image-preview":"max-image-preview:large","max-video-preview":"max-video-preview:-1"},"canonical":"https:\/\/conventionszczecin.eu\/de\/trafo-trafostacja-sztuki-w-szczecinie\/","og_locale":"de_DE","og_type":"article","og_title":"TRAFO - Zentrum f\u00fcr zeitgen\u00f6ssische Kunst in Szczecin - Szczecin Convention Bureau","og_description":"TRAFO ist ein Zentrum f\u00fcr zeitgen\u00f6ssische Kunst im Stadtzentrum, das in einem historischen Transformatorenhaus untergebracht ist. Es verf\u00fcgt \u00fcber 4 Galerien mit 40 bis 220 Pl\u00e4tzen und einen Konferenzraum f\u00fcr [&hellip;]","og_url":"https:\/\/conventionszczecin.eu\/de\/trafo-trafostacja-sztuki-w-szczecinie\/","og_site_name":"Szczecin Convention Bureau","article_published_time":"2024-02-17T14:43:22+00:00","article_modified_time":"2024-04-04T11:30:07+00:00","og_image":[{"width":960,"height":640,"url":"https:\/\/conventionszczecin.eu\/wp-content\/uploads\/2024\/02\/12191909_633628713406976_4000764492328947196_n.jpg","type":"image\/jpeg"}],"author":"admin","twitter_card":"summary_large_image","twitter_misc":{"Verfasst von":"admin","Gesch\u00e4tzte Lesezeit":"1\u00a0Minute"},"schema":{"@context":"https:\/\/schema.org","@graph":[{"@type":"WebPage","@id":"https:\/\/conventionszczecin.eu\/de\/trafo-trafostacja-sztuki-w-szczecinie\/","url":"https:\/\/conventionszczecin.eu\/de\/trafo-trafostacja-sztuki-w-szczecinie\/","name":"TRAFO - Zentrum f\u00fcr zeitgen\u00f6ssische Kunst in Szczecin - Szczecin Convention Bureau","isPartOf":{"@id":"https:\/\/conventionszczecin.eu\/de\/#website"},"primaryImageOfPage":{"@id":"https:\/\/conventionszczecin.eu\/de\/trafo-trafostacja-sztuki-w-szczecinie\/#primaryimage"},"image":{"@id":"https:\/\/conventionszczecin.eu\/de\/trafo-trafostacja-sztuki-w-szczecinie\/#primaryimage"},"thumbnailUrl":"https:\/\/conventionszczecin.eu\/wp-content\/uploads\/2024\/02\/12191909_633628713406976_4000764492328947196_n.jpg","datePublished":"2024-02-17T14:43:22+00:00","dateModified":"2024-04-04T11:30:07+00:00","author":{"@id":"https:\/\/conventionszczecin.eu\/de\/#\/schema\/person\/5c3be9e9451f5cf28b0019072c066886"},"breadcrumb":{"@id":"https:\/\/conventionszczecin.eu\/de\/trafo-trafostacja-sztuki-w-szczecinie\/#breadcrumb"},"inLanguage":"de","potentialAction":[{"@type":"ReadAction","target":["https:\/\/conventionszczecin.eu\/de\/trafo-trafostacja-sztuki-w-szczecinie\/"]}]},{"@type":"ImageObject","inLanguage":"de","@id":"https:\/\/conventionszczecin.eu\/de\/trafo-trafostacja-sztuki-w-szczecinie\/#primaryimage","url":"https:\/\/conventionszczecin.eu\/wp-content\/uploads\/2024\/02\/12191909_633628713406976_4000764492328947196_n.jpg","contentUrl":"https:\/\/conventionszczecin.eu\/wp-content\/uploads\/2024\/02\/12191909_633628713406976_4000764492328947196_n.jpg","width":960,"height":640},{"@type":"BreadcrumbList","@id":"https:\/\/conventionszczecin.eu\/de\/trafo-trafostacja-sztuki-w-szczecinie\/#breadcrumb","itemListElement":[{"@type":"ListItem","position":1,"name":"Strona g\u0142\u00f3wna","item":"https:\/\/conventionszczecin.eu\/de\/"},{"@type":"ListItem","position":2,"name":"TRAFO &#8211; Zentrum f\u00fcr zeitgen\u00f6ssische Kunst in Szczecin"}]},{"@type":"WebSite","@id":"https:\/\/conventionszczecin.eu\/de\/#website","url":"https:\/\/conventionszczecin.eu\/de\/","name":"Szczecin Convention Bureau","description":"Stolica Pomorza Zachodniego od wiek\u00f3w jest wa\u017cnym o\u015brodkiem gospodarczym. Szczecin przyci\u0105ga bogat\u0105 ofert\u0105 turystyczn\u0105, lokalizacj\u0105 i rozbudowan\u0105 infrastruktur\u0105.","potentialAction":[{"@type":"SearchAction","target":{"@type":"EntryPoint","urlTemplate":"https:\/\/conventionszczecin.eu\/de\/?s={search_term_string}"},"query-input":{"@type":"PropertyValueSpecification","valueRequired":true,"valueName":"search_term_string"}}],"inLanguage":"de"},{"@type":"Person","@id":"https:\/\/conventionszczecin.eu\/de\/#\/schema\/person\/5c3be9e9451f5cf28b0019072c066886","name":"admin","sameAs":["https:\/\/conventionszczecin.eu"],"url":"https:\/\/conventionszczecin.eu\/de\/author\/admin\/"}]}},"_links":{"self":[{"href":"https:\/\/conventionszczecin.eu\/de\/wp-json\/wp\/v2\/posts\/2400","targetHints":{"allow":["GET"]}}],"collection":[{"href":"https:\/\/conventionszczecin.eu\/de\/wp-json\/wp\/v2\/posts"}],"about":[{"href":"https:\/\/conventionszczecin.eu\/de\/wp-json\/wp\/v2\/types\/post"}],"author":[{"embeddable":true,"href":"https:\/\/conventionszczecin.eu\/de\/wp-json\/wp\/v2\/users\/1"}],"replies":[{"embeddable":true,"href":"https:\/\/conventionszczecin.eu\/de\/wp-json\/wp\/v2\/comments?post=2400"}],"version-history":[{"count":1,"href":"https:\/\/conventionszczecin.eu\/de\/wp-json\/wp\/v2\/posts\/2400\/revisions"}],"predecessor-version":[{"id":2956,"href":"https:\/\/conventionszczecin.eu\/de\/wp-json\/wp\/v2\/posts\/2400\/revisions\/2956"}],"wp:featuredmedia":[{"embeddable":true,"href":"https:\/\/conventionszczecin.eu\/de\/wp-json\/wp\/v2\/media\/2401"}],"wp:attachment":[{"href":"https:\/\/conventionszczecin.eu\/de\/wp-json\/wp\/v2\/media?parent=2400"}],"wp:term":[{"taxonomy":"category","embeddable":true,"href":"https:\/\/conventionszczecin.eu\/de\/wp-json\/wp\/v2\/categories?post=2400"},{"taxonomy":"post_tag","embeddable":true,"href":"https:\/\/conventionszczecin.eu\/de\/wp-json\/wp\/v2\/tags?post=2400"}],"curies":[{"name":"wp","href":"https:\/\/api.w.org\/{rel}","templated":true}]}}